{"id":290,"date":"2022-07-08T16:41:00","date_gmt":"2022-07-08T15:41:00","guid":{"rendered":"http:\/\/www.h2000.be\/handicom\/?p=290"},"modified":"2022-07-13T09:20:22","modified_gmt":"2022-07-13T08:20:22","slug":"conference-snoezelen","status":"publish","type":"post","link":"https:\/\/www.h2000.be\/handicom\/index.php\/2022\/07\/08\/conference-snoezelen\/","title":{"rendered":"Snoezelen"},"content":{"rendered":"<div style=\"padding-bottom:20px; padding-top:10px;\" class=\"hupso-share-buttons\"><!-- Hupso Share Buttons - https:\/\/www.hupso.com\/share\/ --><a class=\"hupso_toolbar\" href=\"https:\/\/www.hupso.com\/share\/\"><img decoding=\"async\" src=\"https:\/\/static.hupso.com\/share\/buttons\/lang\/fr\/share-medium.png\" style=\"border:0px; padding-top: 5px; float:left;\" alt=\"Share Button\"\/><\/a><script type=\"text\/javascript\">var hupso_services_t=new Array(\"Twitter\",\"Facebook\",\"Google Plus\",\"Linkedin\");var hupso_background_t=\"#EAF4FF\";var hupso_border_t=\"#66CCFF\";var hupso_toolbar_size_t=\"medium\";var hupso_image_folder_url = \"\";var hupso_url_t=\"\";var hupso_title_t=\"Snoezelen\";<\/script><script type=\"text\/javascript\" src=\"https:\/\/static.hupso.com\/share\/js\/share_toolbar.js\"><\/script><!-- Hupso Share Buttons --><\/div><h3 style=\"text-align: center;\"><strong>Mercredi 05 octobre 2022 de 10h00 \u00e0 12h30\u00a0<\/strong><\/h3>\n<p><em>Apr\u00e8s nous avoir invit\u00e9 au voyage au coeur de l&rsquo;humain avec son tr\u00e8s beau film documentaire \u00ab\u00a0Snoezelen, au fil de la vie \u00a0\u00bb \u00a0Marc Thiry nous propose dans la \u00a0continuit\u00e9 de la philosophie Snoezelen une adaptation de la d\u00e9marche sensorielle autour de la bien-traitance. La pand\u00e9mie li\u00e9e au covid 19 a boulevers\u00e9 le monde.\u00a0 Comment les \u00e9ducateurs, les soignants, les animateurs peuvent-ils r\u00e9inventer leur accompagnement dans l&rsquo;horizon psycho-m\u00e9dico-social ?\u00a0 Comment peuvent-ils \u00eatre eux-m\u00eames accompagn\u00e9s avec bienveillance ? \u00a0Vous pouvez d\u00e9poser vos r\u00e9flexions et questions pr\u00e9alables \u00e0 notre attention via la rubrique contact du site <\/em><a href=\"http:\/\/www.snoezelensansfrontieres.org\/\" target=\"_blank\" rel=\"noopener\"><em>www.snoezelensansfrontieres.org<\/em><\/a><\/p>\n<p>Par <strong>Marc Thiry<\/strong> &#8211; Licenci\u00e9 en Sciences Sanitaires de la Facult\u00e9 de M\u00e9decine de l&rsquo;ULg Education sanitaire et \u00e9pid\u00e9miologique, kin\u00e9sith\u00e9rapeute sp\u00e9cialis\u00e9 en psychomotricit\u00e9 et Pr\u00e9sident de l&rsquo;asbl Mouvements Corps et Ame<\/p>\n<h5 style=\"text-align: center;\"><strong>Frais de participation : 10 \u20ac &#8211; Inscription obligatoire &#8211; <a href=\"https:\/\/www.h2000.be\/handicom\/index.php\/2021\/02\/11\/inscription-jeudi-25-mars\/\" target=\"_blank\" rel=\"noopener\">ICI<\/a><\/strong><\/h5>\n<h4 style=\"text-align: center;\"><\/h4>\n<div class=\"wp-playlist wp-video-playlist wp-playlist-light\">\n\t\t<video controls=\"controls\" preload=\"none\" width=\"1118\"\n\t\t height=\"630\"\t><\/video>\n\t<div class=\"wp-playlist-next\"><\/div>\n\t<div class=\"wp-playlist-prev\"><\/div>\n\t<noscript>\n\t<ol>\n\t\t<li><a href='https:\/\/www.h2000.be\/handicom\/wp-content\/uploads\/2019\/11\/Snoezelen-au-fil-de-la-vie-Bande-annonce-1.mp4'>Snoezelen au fil de la vie Bande annonce (1)<\/a><\/li>\t<\/ol>\n\t<\/noscript>\n\t<script type=\"application\/json\" class=\"wp-playlist-script\">{\"type\":\"video\",\"tracklist\":true,\"tracknumbers\":true,\"images\":true,\"artists\":true,\"tracks\":[{\"src\":\"https:\/\/www.h2000.be\/handicom\/wp-content\/uploads\/2019\/11\/Snoezelen-au-fil-de-la-vie-Bande-annonce-1.mp4\",\"type\":\"video\/mp4\",\"title\":\"Snoezelen au fil de la vie Bande annonce (1)\",\"caption\":\"\",\"description\":\"\",\"meta\":{\"length_formatted\":\"2:38\"},\"dimensions\":{\"original\":{\"width\":426,\"height\":240},\"resized\":{\"width\":1118,\"height\":630}},\"image\":{\"src\":\"https:\/\/www.h2000.be\/handicom\/wp-includes\/images\/media\/video.svg\",\"width\":48,\"height\":64},\"thumb\":{\"src\":\"https:\/\/www.h2000.be\/handicom\/wp-includes\/images\/media\/video.svg\",\"width\":48,\"height\":64}}]}<\/script>\n<\/div>\n\t\n<p style=\"text-align: center;\"><img loading=\"lazy\" decoding=\"async\" class=\"alignnone wp-image-291\" src=\"http:\/\/www.h2000.be\/handicom\/wp-content\/uploads\/2016\/05\/petite-enfance-snozelen-768x1024.jpeg\" alt=\"petite-enfance-snozelen\" width=\"290\" height=\"386\" srcset=\"https:\/\/www.h2000.be\/handicom\/wp-content\/uploads\/2016\/05\/petite-enfance-snozelen-768x1024.jpeg 768w, https:\/\/www.h2000.be\/handicom\/wp-content\/uploads\/2016\/05\/petite-enfance-snozelen-225x300.jpeg 225w\" sizes=\"auto, (max-width: 290px) 100vw, 290px\" \/> <img loading=\"lazy\" decoding=\"async\" class=\"alignnone wp-image-292\" src=\"http:\/\/www.h2000.be\/handicom\/wp-content\/uploads\/2016\/05\/Photo0334-1024x768-1024x768.jpg\" alt=\"Photo0334-1024x768\" width=\"376\" height=\"282\" srcset=\"https:\/\/www.h2000.be\/handicom\/wp-content\/uploads\/2016\/05\/Photo0334-1024x768.jpg 1024w, https:\/\/www.h2000.be\/handicom\/wp-content\/uploads\/2016\/05\/Photo0334-1024x768-300x225.jpg 300w, https:\/\/www.h2000.be\/handicom\/wp-content\/uploads\/2016\/05\/Photo0334-1024x768-768x576.jpg 768w\" sizes=\"auto, (max-width: 376px) 100vw, 376px\" \/><\/p>\n","protected":false},"excerpt":{"rendered":"<div style=\"padding-bottom:20px; padding-top:10px;\" class=\"hupso-share-buttons\"><!-- Hupso Share Buttons - https:\/\/www.hupso.com\/share\/ --><a class=\"hupso_toolbar\" href=\"https:\/\/www.hupso.com\/share\/\"><img src=\"https:\/\/static.hupso.com\/share\/buttons\/lang\/fr\/share-medium.png\" style=\"border:0px; padding-top: 5px; float:left;\" alt=\"Share Button\"\/><\/a><script type=\"text\/javascript\">var hupso_services_t=new Array(\"Twitter\",\"Facebook\",\"Google Plus\",\"Linkedin\");var hupso_background_t=\"#EAF4FF\";var hupso_border_t=\"#66CCFF\";var hupso_toolbar_size_t=\"medium\";var hupso_image_folder_url = \"\";var hupso_url_t=\"\";var hupso_title_t=\"Snoezelen\";<\/script><script type=\"text\/javascript\" src=\"https:\/\/static.hupso.com\/share\/js\/share_toolbar.js\"><\/script><!-- Hupso Share Buttons --><\/div><p>Mercredi 05 octobre 2022 de 10h00 \u00e0 12h30\u00a0 Apr\u00e8s nous avoir invit\u00e9 au voyage au coeur de l&rsquo;humain avec son tr\u00e8s beau film documentaire \u00ab\u00a0Snoezelen, au fil de la vie \u00a0\u00bb \u00a0Marc Thiry nous propose dans la \u00a0continuit\u00e9 de la philosophie Snoezelen une adaptation de la d\u00e9marche sensorielle autour de la bien-traitance. La pand\u00e9mie li\u00e9e &hellip; <\/p>\n<p><a class=\"more-link btn\" href=\"https:\/\/www.h2000.be\/handicom\/index.php\/2022\/07\/08\/conference-snoezelen\/\">Lire la suite<\/a><\/p>\n","protected":false},"author":3,"featured_media":0,"comment_status":"open","ping_status":"open","sticky":false,"template":"","format":"standard","meta":{"footnotes":""},"categories":[16],"tags":[],"class_list":["post-290","post","type-post","status-publish","format-standard","hentry","category-conference","nodate","item-wrap"],"_links":{"self":[{"href":"https:\/\/www.h2000.be\/handicom\/index.php\/wp-json\/wp\/v2\/posts\/290","targetHints":{"allow":["GET"]}}],"collection":[{"href":"https:\/\/www.h2000.be\/handicom\/index.php\/wp-json\/wp\/v2\/posts"}],"about":[{"href":"https:\/\/www.h2000.be\/handicom\/index.php\/wp-json\/wp\/v2\/types\/post"}],"author":[{"embeddable":true,"href":"https:\/\/www.h2000.be\/handicom\/index.php\/wp-json\/wp\/v2\/users\/3"}],"replies":[{"embeddable":true,"href":"https:\/\/www.h2000.be\/handicom\/index.php\/wp-json\/wp\/v2\/comments?post=290"}],"version-history":[{"count":34,"href":"https:\/\/www.h2000.be\/handicom\/index.php\/wp-json\/wp\/v2\/posts\/290\/revisions"}],"predecessor-version":[{"id":2458,"href":"https:\/\/www.h2000.be\/handicom\/index.php\/wp-json\/wp\/v2\/posts\/290\/revisions\/2458"}],"wp:attachment":[{"href":"https:\/\/www.h2000.be\/handicom\/index.php\/wp-json\/wp\/v2\/media?parent=290"}],"wp:term":[{"taxonomy":"category","embeddable":true,"href":"https:\/\/www.h2000.be\/handicom\/index.php\/wp-json\/wp\/v2\/categories?post=290"},{"taxonomy":"post_tag","embeddable":true,"href":"https:\/\/www.h2000.be\/handicom\/index.php\/wp-json\/wp\/v2\/tags?post=290"}],"curies":[{"name":"wp","href":"https:\/\/api.w.org\/{rel}","templated":true}]}}