{"id":2893,"date":"2022-09-26T13:10:00","date_gmt":"2022-09-26T12:10:00","guid":{"rendered":"https:\/\/www.h2000.be\/handicom\/?p=2893"},"modified":"2022-09-26T13:10:00","modified_gmt":"2022-09-26T12:10:00","slug":"le-besoin-de-contact-tactile-chez-les-personnes-porteuses-de-handicap-debat-et-rencontre-de-vos-besoins","status":"publish","type":"post","link":"https:\/\/www.h2000.be\/handicom\/index.php\/2022\/09\/26\/le-besoin-de-contact-tactile-chez-les-personnes-porteuses-de-handicap-debat-et-rencontre-de-vos-besoins\/","title":{"rendered":"Le besoin de contact tactile chez les personnes porteuses de handicap + d\u00e9bat et rencontre de vos besoins"},"content":{"rendered":"<div style=\"padding-bottom:20px; padding-top:10px;\" class=\"hupso-share-buttons\"><!-- Hupso Share Buttons - https:\/\/www.hupso.com\/share\/ --><a class=\"hupso_toolbar\" href=\"https:\/\/www.hupso.com\/share\/\"><img decoding=\"async\" src=\"https:\/\/static.hupso.com\/share\/buttons\/lang\/fr\/share-medium.png\" style=\"border:0px; padding-top: 5px; float:left;\" alt=\"Share Button\"\/><\/a><script type=\"text\/javascript\">var hupso_services_t=new Array(\"Twitter\",\"Facebook\",\"Google Plus\",\"Linkedin\");var hupso_background_t=\"#EAF4FF\";var hupso_border_t=\"#66CCFF\";var hupso_toolbar_size_t=\"medium\";var hupso_image_folder_url = \"\";var hupso_url_t=\"\";var hupso_title_t=\"Le%20besoin%20de%20contact%20tactile%20chez%20les%20personnes%20porteuses%20de%20handicap%20%2B%20d%C3%A9bat%20et%20rencontre%20de%20vos%20besoins\";<\/script><script type=\"text\/javascript\" src=\"https:\/\/static.hupso.com\/share\/js\/share_toolbar.js\"><\/script><!-- Hupso Share Buttons --><\/div>\n<h2 class=\"has-text-align-center wp-block-heading\"><strong>Le 04 octobre de 15h00 \u00e0 16h00<\/strong><\/h2>\n\n\n\n<p>Pourquoi l\u2019humain a-t-il besoin de contact tactile&nbsp;? Quelles sont les cons\u00e9quences si nous en manquons&nbsp;? Quels impacts positifs les c\u00e2lins peuvent-ils avoir sur nos b\u00e9n\u00e9ficiaires&nbsp;?&nbsp;Qu\u2019est ce que la c\u00e2linoth\u00e9rapie, et est-ce vraiment s\u00e9curis\u00e9&nbsp;? Est ce que \u00e7a peut se faire avec des personnes porteuses de handicap mental&nbsp;?<\/p>\n\n\n\n<p>Ensemble, voyons pourquoi c\u2019est important, ce qui se passe en nous quand nous recevons du contact tactile, et explorons des pistes sur comment mettre cette pratique en place en respectant les limites de l\u2019autre et son consentement.<\/p>\n\n\n\n<p>Lors de cette rencontre nous prendrons \u00e9galement le temps d\u2019\u00e9changer tous ensemble sur les besoins que vous rencontrez dans votre pratique, et nous r\u00e9fl\u00e9chirons collectivement \u00e0 des pistes pour les satisfaire. Nous discuterons \u00e9galement de ce que vous vivez. Si vous avez des choses \u00e0 partager, des t\u00e9moignages, ou des questions, c\u2019est le moment.<\/p>\n\n\n\n<p>Anim\u00e9 par Madline Marbaix, c\u00e2linoth\u00e9rapeute chez <a href=\"http:\/\/calinobxl.com\" target=\"_blank\" rel=\"noreferrer noopener\">calinobxl.com<\/a><\/p>\n\n\n\n<p>CalinoBXL travaille en partenariat avec AditiWB.<\/p>\n","protected":false},"excerpt":{"rendered":"<div style=\"padding-bottom:20px; padding-top:10px;\" class=\"hupso-share-buttons\"><!-- Hupso Share Buttons - https:\/\/www.hupso.com\/share\/ --><a class=\"hupso_toolbar\" href=\"https:\/\/www.hupso.com\/share\/\"><img src=\"https:\/\/static.hupso.com\/share\/buttons\/lang\/fr\/share-medium.png\" style=\"border:0px; padding-top: 5px; float:left;\" alt=\"Share Button\"\/><\/a><script type=\"text\/javascript\">var hupso_services_t=new Array(\"Twitter\",\"Facebook\",\"Google Plus\",\"Linkedin\");var hupso_background_t=\"#EAF4FF\";var hupso_border_t=\"#66CCFF\";var hupso_toolbar_size_t=\"medium\";var hupso_image_folder_url = \"\";var hupso_url_t=\"\";var hupso_title_t=\"Le%20besoin%20de%20contact%20tactile%20chez%20les%20personnes%20porteuses%20de%20handicap%20%2B%20d%C3%A9bat%20et%20rencontre%20de%20vos%20besoins\";<\/script><script type=\"text\/javascript\" src=\"https:\/\/static.hupso.com\/share\/js\/share_toolbar.js\"><\/script><!-- Hupso Share Buttons --><\/div><p>Le 04 octobre de 15h00 \u00e0 16h00 Pourquoi l\u2019humain a-t-il besoin de contact tactile&nbsp;? Quelles sont les cons\u00e9quences si nous en manquons&nbsp;? Quels impacts positifs les c\u00e2lins peuvent-ils avoir sur nos b\u00e9n\u00e9ficiaires&nbsp;?&nbsp;Qu\u2019est ce que la c\u00e2linoth\u00e9rapie, et est-ce vraiment s\u00e9curis\u00e9&nbsp;? Est ce que \u00e7a peut se faire avec des personnes porteuses de handicap mental&nbsp;? Ensemble, &hellip; <\/p>\n<p><a class=\"more-link btn\" href=\"https:\/\/www.h2000.be\/handicom\/index.php\/2022\/09\/26\/le-besoin-de-contact-tactile-chez-les-personnes-porteuses-de-handicap-debat-et-rencontre-de-vos-besoins\/\">Lire la suite<\/a><\/p>\n","protected":false},"author":3,"featured_media":0,"comment_status":"open","ping_status":"open","sticky":false,"template":"","format":"standard","meta":{"footnotes":""},"categories":[23],"tags":[],"class_list":["post-2893","post","type-post","status-publish","format-standard","hentry","category-ateliers","item-wrap"],"_links":{"self":[{"href":"https:\/\/www.h2000.be\/handicom\/index.php\/wp-json\/wp\/v2\/posts\/2893","targetHints":{"allow":["GET"]}}],"collection":[{"href":"https:\/\/www.h2000.be\/handicom\/index.php\/wp-json\/wp\/v2\/posts"}],"about":[{"href":"https:\/\/www.h2000.be\/handicom\/index.php\/wp-json\/wp\/v2\/types\/post"}],"author":[{"embeddable":true,"href":"https:\/\/www.h2000.be\/handicom\/index.php\/wp-json\/wp\/v2\/users\/3"}],"replies":[{"embeddable":true,"href":"https:\/\/www.h2000.be\/handicom\/index.php\/wp-json\/wp\/v2\/comments?post=2893"}],"version-history":[{"count":1,"href":"https:\/\/www.h2000.be\/handicom\/index.php\/wp-json\/wp\/v2\/posts\/2893\/revisions"}],"predecessor-version":[{"id":2894,"href":"https:\/\/www.h2000.be\/handicom\/index.php\/wp-json\/wp\/v2\/posts\/2893\/revisions\/2894"}],"wp:attachment":[{"href":"https:\/\/www.h2000.be\/handicom\/index.php\/wp-json\/wp\/v2\/media?parent=2893"}],"wp:term":[{"taxonomy":"category","embeddable":true,"href":"https:\/\/www.h2000.be\/handicom\/index.php\/wp-json\/wp\/v2\/categories?post=2893"},{"taxonomy":"post_tag","embeddable":true,"href":"https:\/\/www.h2000.be\/handicom\/index.php\/wp-json\/wp\/v2\/tags?post=2893"}],"curies":[{"name":"wp","href":"https:\/\/api.w.org\/{rel}","templated":true}]}}