{"id":282,"date":"2021-02-10T16:43:29","date_gmt":"2021-02-10T15:43:29","guid":{"rendered":"http:\/\/www.h2000.be\/handicom\/?p=282"},"modified":"2022-09-27T08:43:43","modified_gmt":"2022-09-27T07:43:43","slug":"conference-psychomotricite","status":"publish","type":"post","link":"https:\/\/www.h2000.be\/handicom\/index.php\/2021\/02\/10\/conference-psychomotricite\/","title":{"rendered":"Le psychomotricien en soutien de la personne en situation de handicap"},"content":{"rendered":"<div style=\"padding-bottom:20px; padding-top:10px;\" class=\"hupso-share-buttons\"><!-- Hupso Share Buttons - https:\/\/www.hupso.com\/share\/ --><a class=\"hupso_toolbar\" href=\"https:\/\/www.hupso.com\/share\/\"><img decoding=\"async\" src=\"https:\/\/static.hupso.com\/share\/buttons\/lang\/fr\/share-medium.png\" style=\"border:0px; padding-top: 5px; float:left;\" alt=\"Share Button\"\/><\/a><script type=\"text\/javascript\">var hupso_services_t=new Array(\"Twitter\",\"Facebook\",\"Google Plus\",\"Linkedin\");var hupso_background_t=\"#EAF4FF\";var hupso_border_t=\"#66CCFF\";var hupso_toolbar_size_t=\"medium\";var hupso_image_folder_url = \"\";var hupso_url_t=\"\";var hupso_title_t=\"Le%20psychomotricien%20en%20soutien%20de%20la%20personne%20en%20situation%20de%20handicap\";<\/script><script type=\"text\/javascript\" src=\"https:\/\/static.hupso.com\/share\/js\/share_toolbar.js\"><\/script><!-- Hupso Share Buttons --><\/div><h3 style=\"text-align: center;\"><strong>Mercredi 05 octobre 2022 de 13h30 \u00e0 16h00<\/strong><\/h3>\n<p style=\"text-align: center;\"><strong>Programme<\/strong><\/p>\n<p><strong>Introduction g\u00e9n\u00e9rale&nbsp;<\/strong>: \u00ab\u00a0Le soin psychomoteur comme contenance de la pulsionnalit\u00e9 corporelle et tonique\u00a0\u00bb par Jean-Pierre <strong>Yernaux<\/strong>, psychomotricien et formateur Cesa\/HELHa<\/p>\n<p><strong>Situations pratiques d&rsquo;intervention :&nbsp;<\/strong><\/p>\n<p>\u00ab\u00a0La SENSORIALIT\u00c9 dans l&rsquo;eau comme support d&rsquo;\u00e9tayage \u00e0 la DYNAMIQUE TONIQUE aupr\u00e8s d&rsquo;enfants et adolescents porteurs d&rsquo;une d\u00e9ficience mentale\u00a0\u00bb par Ludivine <strong>Leemans&nbsp;<\/strong>et Sophie <strong>Waution<\/strong>, psychomotriciennes \u00e0 l&rsquo;Institut Fran\u00e7ois d&rsquo;Assise \u00e0 Bouge.<\/p>\n<p>\u00ab\u00a0Du portage aux appuis, t\u00e9moignage sur le sens du m\u00e9dia dans l&rsquo;intervention psychomotrice aupr\u00e8s de la personne adulte <em>en situation ou porteur<\/em> d&rsquo;un handicap\u00a0\u00bb par Ludovic <strong>Lebrun<\/strong>, psychomotricien aupr\u00e8s de personnes adultes porteuses de d\u00e9ficience mentale l\u00e9g\u00e8re, mod\u00e9r\u00e9e et s\u00e9v\u00e8re.<\/p>\n<p>\u00ab\u00a0Quand la dynamique tonique d&rsquo;un enfant \u00ab\u00a0diff\u00e9rent\u00a0\u00bb questionne les professionnels au sein d&rsquo;un milieu d&rsquo;accueil de la petite enfance. Comment le bilan en psychomotricit\u00e9 r\u00e9v\u00e8le les potentialit\u00e9s de l&rsquo;enfant\u00a0\u00bb par Angie <strong>Bertin<\/strong>, psychomotricienne.<\/p>\n<p>Mod\u00e9ratrice : Anne <strong>Van Den Bril<\/strong>, psychomotricienne et charg\u00e9e de cours au sein du bachelier en psychomotricit\u00e9 Cesa\/HELHa.<\/p>\n<h5 style=\"text-align: center;\"><strong>Frais de participation : 10 \u20ac &#8211; Inscription obligatoire &#8211; <a href=\"https:\/\/www.h2000.be\/handicom\/index.php\/2021\/02\/11\/inscription-jeudi-25-mars\/\" target=\"_blank\" rel=\"noopener\">ICI<\/a><\/strong><\/h5>\n<p><\/p>\n\n<div class=\"wp-block-image is-style-default\">\n<figure class=\"aligncenter size-full\"><img loading=\"lazy\" decoding=\"async\" width=\"204\" height=\"155\" src=\"https:\/\/www.h2000.be\/handicom\/wp-content\/uploads\/2022\/09\/psychomotricitA\u00a9.png\" alt=\"\" class=\"wp-image-2768\"\/><\/figure>\n<\/div>\n\n<div class=\"wp-block-image is-style-default\">\n<figure class=\"aligncenter size-medium\"><img loading=\"lazy\" decoding=\"async\" width=\"300\" height=\"210\" src=\"https:\/\/www.h2000.be\/handicom\/wp-content\/uploads\/2022\/09\/1563549161-psychomotricite_05-300x210.jpg\" alt=\"\" class=\"wp-image-2770\" srcset=\"https:\/\/www.h2000.be\/handicom\/wp-content\/uploads\/2022\/09\/1563549161-psychomotricite_05-300x210.jpg 300w, https:\/\/www.h2000.be\/handicom\/wp-content\/uploads\/2022\/09\/1563549161-psychomotricite_05-768x537.jpg 768w, https:\/\/www.h2000.be\/handicom\/wp-content\/uploads\/2022\/09\/1563549161-psychomotricite_05.jpg 800w\" sizes=\"auto, (max-width: 300px) 100vw, 300px\" \/><\/figure>\n<\/div>","protected":false},"excerpt":{"rendered":"<div style=\"padding-bottom:20px; padding-top:10px;\" class=\"hupso-share-buttons\"><!-- Hupso Share Buttons - https:\/\/www.hupso.com\/share\/ --><a class=\"hupso_toolbar\" href=\"https:\/\/www.hupso.com\/share\/\"><img src=\"https:\/\/static.hupso.com\/share\/buttons\/lang\/fr\/share-medium.png\" style=\"border:0px; padding-top: 5px; float:left;\" alt=\"Share Button\"\/><\/a><script type=\"text\/javascript\">var hupso_services_t=new Array(\"Twitter\",\"Facebook\",\"Google Plus\",\"Linkedin\");var hupso_background_t=\"#EAF4FF\";var hupso_border_t=\"#66CCFF\";var hupso_toolbar_size_t=\"medium\";var hupso_image_folder_url = \"\";var hupso_url_t=\"\";var hupso_title_t=\"Le%20psychomotricien%20en%20soutien%20de%20la%20personne%20en%20situation%20de%20handicap\";<\/script><script type=\"text\/javascript\" src=\"https:\/\/static.hupso.com\/share\/js\/share_toolbar.js\"><\/script><!-- Hupso Share Buttons --><\/div><p>Mercredi 05 octobre 2022 de 13h30 \u00e0 16h00 Programme Introduction g\u00e9n\u00e9rale&nbsp;: \u00ab\u00a0Le soin psychomoteur comme contenance de la pulsionnalit\u00e9 corporelle et tonique\u00a0\u00bb par Jean-Pierre Yernaux, psychomotricien et formateur Cesa\/HELHa Situations pratiques d&rsquo;intervention :&nbsp; \u00ab\u00a0La SENSORIALIT\u00c9 dans l&rsquo;eau comme support d&rsquo;\u00e9tayage \u00e0 la DYNAMIQUE TONIQUE aupr\u00e8s d&rsquo;enfants et adolescents porteurs d&rsquo;une d\u00e9ficience mentale\u00a0\u00bb par Ludivine Leemans&nbsp;et &hellip; <\/p>\n<p><a class=\"more-link btn\" href=\"https:\/\/www.h2000.be\/handicom\/index.php\/2021\/02\/10\/conference-psychomotricite\/\">Lire la suite<\/a><\/p>\n","protected":false},"author":3,"featured_media":2768,"comment_status":"open","ping_status":"open","sticky":false,"template":"","format":"standard","meta":{"footnotes":""},"categories":[16],"tags":[],"class_list":["post-282","post","type-post","status-publish","format-standard","has-post-thumbnail","hentry","category-conference","nodate","item-wrap"],"_links":{"self":[{"href":"https:\/\/www.h2000.be\/handicom\/index.php\/wp-json\/wp\/v2\/posts\/282","targetHints":{"allow":["GET"]}}],"collection":[{"href":"https:\/\/www.h2000.be\/handicom\/index.php\/wp-json\/wp\/v2\/posts"}],"about":[{"href":"https:\/\/www.h2000.be\/handicom\/index.php\/wp-json\/wp\/v2\/types\/post"}],"author":[{"embeddable":true,"href":"https:\/\/www.h2000.be\/handicom\/index.php\/wp-json\/wp\/v2\/users\/3"}],"replies":[{"embeddable":true,"href":"https:\/\/www.h2000.be\/handicom\/index.php\/wp-json\/wp\/v2\/comments?post=282"}],"version-history":[{"count":46,"href":"https:\/\/www.h2000.be\/handicom\/index.php\/wp-json\/wp\/v2\/posts\/282\/revisions"}],"predecessor-version":[{"id":2771,"href":"https:\/\/www.h2000.be\/handicom\/index.php\/wp-json\/wp\/v2\/posts\/282\/revisions\/2771"}],"wp:featuredmedia":[{"embeddable":true,"href":"https:\/\/www.h2000.be\/handicom\/index.php\/wp-json\/wp\/v2\/media\/2768"}],"wp:attachment":[{"href":"https:\/\/www.h2000.be\/handicom\/index.php\/wp-json\/wp\/v2\/media?parent=282"}],"wp:term":[{"taxonomy":"category","embeddable":true,"href":"https:\/\/www.h2000.be\/handicom\/index.php\/wp-json\/wp\/v2\/categories?post=282"},{"taxonomy":"post_tag","embeddable":true,"href":"https:\/\/www.h2000.be\/handicom\/index.php\/wp-json\/wp\/v2\/tags?post=282"}],"curies":[{"name":"wp","href":"https:\/\/api.w.org\/{rel}","templated":true}]}}