{"id":261,"date":"2022-07-07T16:18:00","date_gmt":"2022-07-07T15:18:00","guid":{"rendered":"http:\/\/www.h2000.be\/handicom\/?p=261"},"modified":"2022-09-27T09:18:05","modified_gmt":"2022-09-27T08:18:05","slug":"communications-augmentatives-alternatives","status":"publish","type":"post","link":"https:\/\/www.h2000.be\/handicom\/index.php\/2022\/07\/07\/communications-augmentatives-alternatives\/","title":{"rendered":"Les communications augmentatives et alternatives"},"content":{"rendered":"<div style=\"padding-bottom:20px; padding-top:10px;\" class=\"hupso-share-buttons\"><!-- Hupso Share Buttons - https:\/\/www.hupso.com\/share\/ --><a class=\"hupso_toolbar\" href=\"https:\/\/www.hupso.com\/share\/\"><img decoding=\"async\" src=\"https:\/\/static.hupso.com\/share\/buttons\/lang\/fr\/share-medium.png\" style=\"border:0px; padding-top: 5px; float:left;\" alt=\"Share Button\"\/><\/a><script type=\"text\/javascript\">var hupso_services_t=new Array(\"Twitter\",\"Facebook\",\"Google Plus\",\"Linkedin\");var hupso_background_t=\"#EAF4FF\";var hupso_border_t=\"#66CCFF\";var hupso_toolbar_size_t=\"medium\";var hupso_image_folder_url = \"\";var hupso_url_t=\"\";var hupso_title_t=\"Les%20communications%20augmentatives%20et%20alternatives\";<\/script><script type=\"text\/javascript\" src=\"https:\/\/static.hupso.com\/share\/js\/share_toolbar.js\"><\/script><!-- Hupso Share Buttons --><\/div>\n<h2 class=\"has-text-align-center wp-block-heading\"><strong>Mardi 04 octobre 2022 de 09h00 \u00e0 12h00 <\/strong><\/h2>\n\n\n\n<p><\/p>\n\n\n\n<h2 class=\"has-text-align-center wp-block-heading\">Programme<\/h2>\n\n\n\n<p><strong>09h00 &#8211; 09h30<\/strong> : Le r\u00f4le du CRETH dans le choix d&rsquo;une aide \u00e0 la communication (Centre de Ressources et d&rsquo;Evaluation des Technologies pour les personnes Handicap\u00e9es)<\/p>\n\n\n\n<p><strong>09h30 &#8211; 10h10 <\/strong>: AACompagne-moi dans ma communication (Centre Arnaud Fraiteur)<\/p>\n\n\n\n<p><strong>10h10 &#8211; 10h30<\/strong> : Un environnement plus CAAccessible ? (Centre Arnaud Fraiteur)<\/p>\n\n\n\n<p><strong>10h30 -10h45 <\/strong>: Pause<\/p>\n\n\n\n<p><strong>10h45 &#8211; 11h15<\/strong> : T\u00e9moignage d&rsquo;une logop\u00e8de ayant suivi des patients avec CAA<\/p>\n\n\n\n<p><strong>11h15 &#8211; 12h00<\/strong> : Eveil \u00e0 la lecture de mani\u00e8re ludique et fonctionnelle avec un outil de CAA &#8211; Par Mme St\u00e9phanie <strong>Roeckhaut<\/strong> de l&rsquo;Ecole L&rsquo;Escalpade<\/p>\n\n\n\n<p>Frais de participation : 10 \u20ac &#8211; Inscription obligatoire &#8211; <a rel=\"noreferrer noopener\" href=\"https:\/\/www.h2000.be\/handicom\/index.php\/2021\/02\/10\/inscription-lundi-22-mars\/\" data-type=\"URL\" data-id=\"https:\/\/www.h2000.be\/handicom\/index.php\/2021\/02\/10\/inscription-lundi-22-mars\/\" target=\"_blank\">ICI<\/a><\/p>\n\n\n<div class=\"wp-block-image is-style-default\">\n<figure class=\"aligncenter size-full\"><img loading=\"lazy\" decoding=\"async\" width=\"376\" height=\"255\" src=\"https:\/\/www.h2000.be\/handicom\/wp-content\/uploads\/2022\/09\/image-10.png\" alt=\"\" class=\"wp-image-2905\" srcset=\"https:\/\/www.h2000.be\/handicom\/wp-content\/uploads\/2022\/09\/image-10.png 376w, https:\/\/www.h2000.be\/handicom\/wp-content\/uploads\/2022\/09\/image-10-300x203.png 300w\" sizes=\"auto, (max-width: 376px) 100vw, 376px\" \/><\/figure>\n<\/div>","protected":false},"excerpt":{"rendered":"<div style=\"padding-bottom:20px; padding-top:10px;\" class=\"hupso-share-buttons\"><!-- Hupso Share Buttons - https:\/\/www.hupso.com\/share\/ --><a class=\"hupso_toolbar\" href=\"https:\/\/www.hupso.com\/share\/\"><img src=\"https:\/\/static.hupso.com\/share\/buttons\/lang\/fr\/share-medium.png\" style=\"border:0px; padding-top: 5px; float:left;\" alt=\"Share Button\"\/><\/a><script type=\"text\/javascript\">var hupso_services_t=new Array(\"Twitter\",\"Facebook\",\"Google Plus\",\"Linkedin\");var hupso_background_t=\"#EAF4FF\";var hupso_border_t=\"#66CCFF\";var hupso_toolbar_size_t=\"medium\";var hupso_image_folder_url = \"\";var hupso_url_t=\"\";var hupso_title_t=\"Les%20communications%20augmentatives%20et%20alternatives\";<\/script><script type=\"text\/javascript\" src=\"https:\/\/static.hupso.com\/share\/js\/share_toolbar.js\"><\/script><!-- Hupso Share Buttons --><\/div><p>Mardi 04 octobre 2022 de 09h00 \u00e0 12h00 Programme 09h00 &#8211; 09h30 : Le r\u00f4le du CRETH dans le choix d&rsquo;une aide \u00e0 la communication (Centre de Ressources et d&rsquo;Evaluation des Technologies pour les personnes Handicap\u00e9es) 09h30 &#8211; 10h10 : AACompagne-moi dans ma communication (Centre Arnaud Fraiteur) 10h10 &#8211; 10h30 : Un environnement plus CAAccessible &hellip; <\/p>\n<p><a class=\"more-link btn\" href=\"https:\/\/www.h2000.be\/handicom\/index.php\/2022\/07\/07\/communications-augmentatives-alternatives\/\">Lire la suite<\/a><\/p>\n","protected":false},"author":3,"featured_media":2905,"comment_status":"open","ping_status":"open","sticky":false,"template":"","format":"standard","meta":{"footnotes":""},"categories":[16],"tags":[],"class_list":["post-261","post","type-post","status-publish","format-standard","has-post-thumbnail","hentry","category-conference","nodate","item-wrap"],"_links":{"self":[{"href":"https:\/\/www.h2000.be\/handicom\/index.php\/wp-json\/wp\/v2\/posts\/261","targetHints":{"allow":["GET"]}}],"collection":[{"href":"https:\/\/www.h2000.be\/handicom\/index.php\/wp-json\/wp\/v2\/posts"}],"about":[{"href":"https:\/\/www.h2000.be\/handicom\/index.php\/wp-json\/wp\/v2\/types\/post"}],"author":[{"embeddable":true,"href":"https:\/\/www.h2000.be\/handicom\/index.php\/wp-json\/wp\/v2\/users\/3"}],"replies":[{"embeddable":true,"href":"https:\/\/www.h2000.be\/handicom\/index.php\/wp-json\/wp\/v2\/comments?post=261"}],"version-history":[{"count":45,"href":"https:\/\/www.h2000.be\/handicom\/index.php\/wp-json\/wp\/v2\/posts\/261\/revisions"}],"predecessor-version":[{"id":2906,"href":"https:\/\/www.h2000.be\/handicom\/index.php\/wp-json\/wp\/v2\/posts\/261\/revisions\/2906"}],"wp:featuredmedia":[{"embeddable":true,"href":"https:\/\/www.h2000.be\/handicom\/index.php\/wp-json\/wp\/v2\/media\/2905"}],"wp:attachment":[{"href":"https:\/\/www.h2000.be\/handicom\/index.php\/wp-json\/wp\/v2\/media?parent=261"}],"wp:term":[{"taxonomy":"category","embeddable":true,"href":"https:\/\/www.h2000.be\/handicom\/index.php\/wp-json\/wp\/v2\/categories?post=261"},{"taxonomy":"post_tag","embeddable":true,"href":"https:\/\/www.h2000.be\/handicom\/index.php\/wp-json\/wp\/v2\/tags?post=261"}],"curies":[{"name":"wp","href":"https:\/\/api.w.org\/{rel}","templated":true}]}}