{"id":2592,"date":"2022-09-02T09:39:25","date_gmt":"2022-09-02T08:39:25","guid":{"rendered":"https:\/\/www.h2000.be\/handicom\/?p=2592"},"modified":"2022-09-27T07:47:34","modified_gmt":"2022-09-27T06:47:34","slug":"levolution-de-la-representation-de-la-personne-handicapee-dans-la-vie-culturelle-sociale-et-politique-provinciale-et-communale","status":"publish","type":"post","link":"https:\/\/www.h2000.be\/handicom\/index.php\/2022\/09\/02\/levolution-de-la-representation-de-la-personne-handicapee-dans-la-vie-culturelle-sociale-et-politique-provinciale-et-communale\/","title":{"rendered":"L&rsquo;\u00e9volution de la repr\u00e9sentation de la personne handicap\u00e9e dans la vie culturelle, sociale et politique provinciale et communale"},"content":{"rendered":"<div style=\"padding-bottom:20px; padding-top:10px;\" class=\"hupso-share-buttons\"><!-- Hupso Share Buttons - https:\/\/www.hupso.com\/share\/ --><a class=\"hupso_toolbar\" href=\"https:\/\/www.hupso.com\/share\/\"><img decoding=\"async\" src=\"https:\/\/static.hupso.com\/share\/buttons\/lang\/fr\/share-medium.png\" style=\"border:0px; padding-top: 5px; float:left;\" alt=\"Share Button\"\/><\/a><script type=\"text\/javascript\">var hupso_services_t=new Array(\"Twitter\",\"Facebook\",\"Google Plus\",\"Linkedin\");var hupso_background_t=\"#EAF4FF\";var hupso_border_t=\"#66CCFF\";var hupso_toolbar_size_t=\"medium\";var hupso_image_folder_url = \"\";var hupso_url_t=\"\";var hupso_title_t=\"L%27%C3%A9volution%20de%20la%20repr%C3%A9sentation%20de%20la%20personne%20handicap%C3%A9e%20dans%20la%20vie%20culturelle%2C%20sociale%20et%20politique%20provinciale%20et%20communale\";<\/script><script type=\"text\/javascript\" src=\"https:\/\/static.hupso.com\/share\/js\/share_toolbar.js\"><\/script><!-- Hupso Share Buttons --><\/div>\n<h2 class=\"has-text-align-center wp-block-heading\">Mercredi 05 octobre 2022 de 10h30 \u00e0 12h00<\/h2>\n\n\n\n<p><strong>10h30<\/strong>&nbsp;&nbsp;&nbsp; Accueil par M. Serge&nbsp;<strong>Van Brakel<\/strong>&nbsp;\u2013 Coordinateur du Forum Handicom<\/p>\n\n\n\n<p><strong>10h40<\/strong>&nbsp;&nbsp;&nbsp; Introduction du sujet par M. Edouard&nbsp;<strong>Bouffioulx<\/strong>&nbsp;\u2013 Pr\u00e9sident du Conseil Consultatif de la Personne Handicap\u00e9e de la Ville de Charleroi (sous r\u00e9serve)<\/p>\n\n\n\n<p><strong>11h00<\/strong>&nbsp;&nbsp;&nbsp; Prise de parole de M. Eric&nbsp;<strong>Massin<\/strong>&nbsp;\u2013 D\u00e9put\u00e9 Provincial<\/p>\n\n\n\n<p><strong>11h10&nbsp;<\/strong>&nbsp;&nbsp; Prise de parole de Mme Alicia&nbsp;<strong>Monard<\/strong>&nbsp;\u2013 Echevine de la personne en situation de handicap (sous r\u00e9serve)<\/p>\n\n\n\n<p><strong>11h20<\/strong>\u00a0\u00a0\u00a0 Conclusions par Mme Anne-Fran\u00e7oise\u00a0<strong>Cannella<\/strong>\u00a0\u2013 Administratrice g\u00e9n\u00e9rale adjointe de l\u2019AViQ<\/p>\n\n\n\n<p>Entr\u00e9e libre mais inscription obligatoire &#8211; <a href=\"https:\/\/www.h2000.be\/handicom\/index.php\/2021\/02\/11\/inscription-jeudi-25-mars\/\" data-type=\"URL\" data-id=\"https:\/\/www.h2000.be\/handicom\/index.php\/2021\/02\/11\/inscription-jeudi-25-mars\/\" target=\"_blank\" rel=\"noreferrer noopener\">ICI<\/a><\/p>\n","protected":false},"excerpt":{"rendered":"<div style=\"padding-bottom:20px; padding-top:10px;\" class=\"hupso-share-buttons\"><!-- Hupso Share Buttons - https:\/\/www.hupso.com\/share\/ --><a class=\"hupso_toolbar\" href=\"https:\/\/www.hupso.com\/share\/\"><img src=\"https:\/\/static.hupso.com\/share\/buttons\/lang\/fr\/share-medium.png\" style=\"border:0px; padding-top: 5px; float:left;\" alt=\"Share Button\"\/><\/a><script type=\"text\/javascript\">var hupso_services_t=new Array(\"Twitter\",\"Facebook\",\"Google Plus\",\"Linkedin\");var hupso_background_t=\"#EAF4FF\";var hupso_border_t=\"#66CCFF\";var hupso_toolbar_size_t=\"medium\";var hupso_image_folder_url = \"\";var hupso_url_t=\"\";var hupso_title_t=\"L%27%C3%A9volution%20de%20la%20repr%C3%A9sentation%20de%20la%20personne%20handicap%C3%A9e%20dans%20la%20vie%20culturelle%2C%20sociale%20et%20politique%20provinciale%20et%20communale\";<\/script><script type=\"text\/javascript\" src=\"https:\/\/static.hupso.com\/share\/js\/share_toolbar.js\"><\/script><!-- Hupso Share Buttons --><\/div><p>Mercredi 05 octobre 2022 de 10h30 \u00e0 12h00 10h30&nbsp;&nbsp;&nbsp; Accueil par M. Serge&nbsp;Van Brakel&nbsp;\u2013 Coordinateur du Forum Handicom 10h40&nbsp;&nbsp;&nbsp; Introduction du sujet par M. Edouard&nbsp;Bouffioulx&nbsp;\u2013 Pr\u00e9sident du Conseil Consultatif de la Personne Handicap\u00e9e de la Ville de Charleroi (sous r\u00e9serve) 11h00&nbsp;&nbsp;&nbsp; Prise de parole de M. Eric&nbsp;Massin&nbsp;\u2013 D\u00e9put\u00e9 Provincial 11h10&nbsp;&nbsp;&nbsp; Prise de parole de Mme &hellip; <\/p>\n<p><a class=\"more-link btn\" href=\"https:\/\/www.h2000.be\/handicom\/index.php\/2022\/09\/02\/levolution-de-la-representation-de-la-personne-handicapee-dans-la-vie-culturelle-sociale-et-politique-provinciale-et-communale\/\">Lire la suite<\/a><\/p>\n","protected":false},"author":3,"featured_media":0,"comment_status":"open","ping_status":"open","sticky":false,"template":"","format":"standard","meta":{"footnotes":""},"categories":[32],"tags":[],"class_list":["post-2592","post","type-post","status-publish","format-standard","hentry","category-divers","item-wrap"],"_links":{"self":[{"href":"https:\/\/www.h2000.be\/handicom\/index.php\/wp-json\/wp\/v2\/posts\/2592","targetHints":{"allow":["GET"]}}],"collection":[{"href":"https:\/\/www.h2000.be\/handicom\/index.php\/wp-json\/wp\/v2\/posts"}],"about":[{"href":"https:\/\/www.h2000.be\/handicom\/index.php\/wp-json\/wp\/v2\/types\/post"}],"author":[{"embeddable":true,"href":"https:\/\/www.h2000.be\/handicom\/index.php\/wp-json\/wp\/v2\/users\/3"}],"replies":[{"embeddable":true,"href":"https:\/\/www.h2000.be\/handicom\/index.php\/wp-json\/wp\/v2\/comments?post=2592"}],"version-history":[{"count":3,"href":"https:\/\/www.h2000.be\/handicom\/index.php\/wp-json\/wp\/v2\/posts\/2592\/revisions"}],"predecessor-version":[{"id":2904,"href":"https:\/\/www.h2000.be\/handicom\/index.php\/wp-json\/wp\/v2\/posts\/2592\/revisions\/2904"}],"wp:attachment":[{"href":"https:\/\/www.h2000.be\/handicom\/index.php\/wp-json\/wp\/v2\/media?parent=2592"}],"wp:term":[{"taxonomy":"category","embeddable":true,"href":"https:\/\/www.h2000.be\/handicom\/index.php\/wp-json\/wp\/v2\/categories?post=2592"},{"taxonomy":"post_tag","embeddable":true,"href":"https:\/\/www.h2000.be\/handicom\/index.php\/wp-json\/wp\/v2\/tags?post=2592"}],"curies":[{"name":"wp","href":"https:\/\/api.w.org\/{rel}","templated":true}]}}