{"id":2470,"date":"2022-07-14T12:24:05","date_gmt":"2022-07-14T11:24:05","guid":{"rendered":"https:\/\/www.h2000.be\/handicom\/?p=2470"},"modified":"2022-07-14T12:25:51","modified_gmt":"2022-07-14T11:25:51","slug":"parentalite-et-deficience-visuelle","status":"publish","type":"post","link":"https:\/\/www.h2000.be\/handicom\/index.php\/2022\/07\/14\/parentalite-et-deficience-visuelle\/","title":{"rendered":"Parentalit\u00e9 et d\u00e9ficience visuelle"},"content":{"rendered":"<div style=\"padding-bottom:20px; padding-top:10px;\" class=\"hupso-share-buttons\"><!-- Hupso Share Buttons - https:\/\/www.hupso.com\/share\/ --><a class=\"hupso_toolbar\" href=\"https:\/\/www.hupso.com\/share\/\"><img decoding=\"async\" src=\"https:\/\/static.hupso.com\/share\/buttons\/lang\/fr\/share-medium.png\" style=\"border:0px; padding-top: 5px; float:left;\" alt=\"Share Button\"\/><\/a><script type=\"text\/javascript\">var hupso_services_t=new Array(\"Twitter\",\"Facebook\",\"Google Plus\",\"Linkedin\");var hupso_background_t=\"#EAF4FF\";var hupso_border_t=\"#66CCFF\";var hupso_toolbar_size_t=\"medium\";var hupso_image_folder_url = \"\";var hupso_url_t=\"\";var hupso_title_t=\"Parentalit%C3%A9%20et%20d%C3%A9ficience%20visuelle\";<\/script><script type=\"text\/javascript\" src=\"https:\/\/static.hupso.com\/share\/js\/share_toolbar.js\"><\/script><!-- Hupso Share Buttons --><\/div>\n<h3 class=\"has-text-align-center wp-block-heading\">Mercredi 05 octobre 2022 de 14h30 \u00e0 15h30<\/h3>\n\n\n\n<p>La th\u00e9matique sera d\u00e9velopp\u00e9e en deux axes :<\/p>\n\n\n\n<ul class=\"wp-block-list\"><li>Parents d\u00e9ficients visuels : Quelles sont les difficult\u00e9s v\u00e9cues par les personnes d\u00e9ficientes visuelles qui souhaitent avoir un enfant et en tant que parent, quelles solutions pratiques \u00e0 mettre en place ? Quel accompagnement peut-on proposer ?<\/li><li>Parents voyants d&rsquo;un enfant d\u00e9ficient visuel : Que proposer en fonction de l&rsquo;\u00e2ge et pourquoi ? Conseils, etc.<\/li><\/ul>\n\n\n\n<p>Intervenante : Florence Terrier, ergoth\u00e9rapeute aux Amis des Aveugles<\/p>\n\n\n\n<p>Entr\u00e9e libre mais inscription obligatoire &#8211; <a href=\"https:\/\/www.h2000.be\/handicom\/index.php\/2021\/02\/11\/inscription-jeudi-25-mars\/\" data-type=\"URL\" data-id=\"https:\/\/www.h2000.be\/handicom\/index.php\/2021\/02\/11\/inscription-jeudi-25-mars\/\" target=\"_blank\" rel=\"noreferrer noopener\">ICI<\/a><\/p>\n","protected":false},"excerpt":{"rendered":"<div style=\"padding-bottom:20px; padding-top:10px;\" class=\"hupso-share-buttons\"><!-- Hupso Share Buttons - https:\/\/www.hupso.com\/share\/ --><a class=\"hupso_toolbar\" href=\"https:\/\/www.hupso.com\/share\/\"><img src=\"https:\/\/static.hupso.com\/share\/buttons\/lang\/fr\/share-medium.png\" style=\"border:0px; padding-top: 5px; float:left;\" alt=\"Share Button\"\/><\/a><script type=\"text\/javascript\">var hupso_services_t=new Array(\"Twitter\",\"Facebook\",\"Google Plus\",\"Linkedin\");var hupso_background_t=\"#EAF4FF\";var hupso_border_t=\"#66CCFF\";var hupso_toolbar_size_t=\"medium\";var hupso_image_folder_url = \"\";var hupso_url_t=\"\";var hupso_title_t=\"Parentalit%C3%A9%20et%20d%C3%A9ficience%20visuelle\";<\/script><script type=\"text\/javascript\" src=\"https:\/\/static.hupso.com\/share\/js\/share_toolbar.js\"><\/script><!-- Hupso Share Buttons --><\/div><p>Mercredi 05 octobre 2022 de 14h30 \u00e0 15h30 La th\u00e9matique sera d\u00e9velopp\u00e9e en deux axes : Parents d\u00e9ficients visuels : Quelles sont les difficult\u00e9s v\u00e9cues par les personnes d\u00e9ficientes visuelles qui souhaitent avoir un enfant et en tant que parent, quelles solutions pratiques \u00e0 mettre en place ? Quel accompagnement peut-on proposer ? Parents voyants &hellip; <\/p>\n<p><a class=\"more-link btn\" href=\"https:\/\/www.h2000.be\/handicom\/index.php\/2022\/07\/14\/parentalite-et-deficience-visuelle\/\">Lire la suite<\/a><\/p>\n","protected":false},"author":3,"featured_media":0,"comment_status":"open","ping_status":"open","sticky":false,"template":"","format":"standard","meta":{"footnotes":""},"categories":[16],"tags":[],"class_list":["post-2470","post","type-post","status-publish","format-standard","hentry","category-conference","item-wrap"],"_links":{"self":[{"href":"https:\/\/www.h2000.be\/handicom\/index.php\/wp-json\/wp\/v2\/posts\/2470","targetHints":{"allow":["GET"]}}],"collection":[{"href":"https:\/\/www.h2000.be\/handicom\/index.php\/wp-json\/wp\/v2\/posts"}],"about":[{"href":"https:\/\/www.h2000.be\/handicom\/index.php\/wp-json\/wp\/v2\/types\/post"}],"author":[{"embeddable":true,"href":"https:\/\/www.h2000.be\/handicom\/index.php\/wp-json\/wp\/v2\/users\/3"}],"replies":[{"embeddable":true,"href":"https:\/\/www.h2000.be\/handicom\/index.php\/wp-json\/wp\/v2\/comments?post=2470"}],"version-history":[{"count":2,"href":"https:\/\/www.h2000.be\/handicom\/index.php\/wp-json\/wp\/v2\/posts\/2470\/revisions"}],"predecessor-version":[{"id":2473,"href":"https:\/\/www.h2000.be\/handicom\/index.php\/wp-json\/wp\/v2\/posts\/2470\/revisions\/2473"}],"wp:attachment":[{"href":"https:\/\/www.h2000.be\/handicom\/index.php\/wp-json\/wp\/v2\/media?parent=2470"}],"wp:term":[{"taxonomy":"category","embeddable":true,"href":"https:\/\/www.h2000.be\/handicom\/index.php\/wp-json\/wp\/v2\/categories?post=2470"},{"taxonomy":"post_tag","embeddable":true,"href":"https:\/\/www.h2000.be\/handicom\/index.php\/wp-json\/wp\/v2\/tags?post=2470"}],"curies":[{"name":"wp","href":"https:\/\/api.w.org\/{rel}","templated":true}]}}