{"id":2280,"date":"2022-06-30T13:24:25","date_gmt":"2022-06-30T12:24:25","guid":{"rendered":"https:\/\/www.h2000.be\/handicom\/?p=2280"},"modified":"2022-09-29T09:39:10","modified_gmt":"2022-09-29T08:39:10","slug":"ateliers-massages","status":"publish","type":"post","link":"https:\/\/www.h2000.be\/handicom\/index.php\/2022\/06\/30\/ateliers-massages\/","title":{"rendered":"Atelier massages"},"content":{"rendered":"<div style=\"padding-bottom:20px; padding-top:10px;\" class=\"hupso-share-buttons\"><!-- Hupso Share Buttons - https:\/\/www.hupso.com\/share\/ --><a class=\"hupso_toolbar\" href=\"https:\/\/www.hupso.com\/share\/\"><img decoding=\"async\" src=\"https:\/\/static.hupso.com\/share\/buttons\/lang\/fr\/share-medium.png\" style=\"border:0px; padding-top: 5px; float:left;\" alt=\"Share Button\"\/><\/a><script type=\"text\/javascript\">var hupso_services_t=new Array(\"Twitter\",\"Facebook\",\"Google Plus\",\"Linkedin\");var hupso_background_t=\"#EAF4FF\";var hupso_border_t=\"#66CCFF\";var hupso_toolbar_size_t=\"medium\";var hupso_image_folder_url = \"\";var hupso_url_t=\"\";var hupso_title_t=\"Atelier%20massages\";<\/script><script type=\"text\/javascript\" src=\"https:\/\/static.hupso.com\/share\/js\/share_toolbar.js\"><\/script><!-- Hupso Share Buttons --><\/div>\n<h3 class=\"has-text-align-center wp-block-heading\">Les 04 et 05 octobre 2022 de 09h00 \u00e0 16h30<\/h3>\n\n\n\n<p>\u00catre bien, prendre soin de soi. Le travail par le toucher est intimement li\u00e9 \u00e0 l&rsquo;\u00e9quilibre psychologique de chacun. Lors du Forum, des personnes en situation de handicap proposent un massage aux visiteurs et visiteuses qui le souhaitent. Le but est de privil\u00e9gier le d\u00e9veloppement et le bien-\u00eatre de la personne.<\/p>\n\n\n\n<p>Ces massages seront propos\u00e9s par les services suivants :<\/p>\n\n\n\n<ul class=\"wp-block-list\"><li>Les Amis des Aveugles et Malvoyants &#8211; le <strong>04 octobre de 14h00 \u00e0 16h30<\/strong><\/li><li>La Maison des Collines &#8211; le <strong>05 octobre de 10h00 \u00e0 14h00\u00a0<\/strong><\/li><\/ul>\n\n\n\n<p><\/p>\n","protected":false},"excerpt":{"rendered":"<div style=\"padding-bottom:20px; padding-top:10px;\" class=\"hupso-share-buttons\"><!-- Hupso Share Buttons - https:\/\/www.hupso.com\/share\/ --><a class=\"hupso_toolbar\" href=\"https:\/\/www.hupso.com\/share\/\"><img src=\"https:\/\/static.hupso.com\/share\/buttons\/lang\/fr\/share-medium.png\" style=\"border:0px; padding-top: 5px; float:left;\" alt=\"Share Button\"\/><\/a><script type=\"text\/javascript\">var hupso_services_t=new Array(\"Twitter\",\"Facebook\",\"Google Plus\",\"Linkedin\");var hupso_background_t=\"#EAF4FF\";var hupso_border_t=\"#66CCFF\";var hupso_toolbar_size_t=\"medium\";var hupso_image_folder_url = \"\";var hupso_url_t=\"\";var hupso_title_t=\"Atelier%20massages\";<\/script><script type=\"text\/javascript\" src=\"https:\/\/static.hupso.com\/share\/js\/share_toolbar.js\"><\/script><!-- Hupso Share Buttons --><\/div><p>Les 04 et 05 octobre 2022 de 09h00 \u00e0 16h30 \u00catre bien, prendre soin de soi. Le travail par le toucher est intimement li\u00e9 \u00e0 l&rsquo;\u00e9quilibre psychologique de chacun. Lors du Forum, des personnes en situation de handicap proposent un massage aux visiteurs et visiteuses qui le souhaitent. Le but est de privil\u00e9gier le d\u00e9veloppement &hellip; <\/p>\n<p><a class=\"more-link btn\" href=\"https:\/\/www.h2000.be\/handicom\/index.php\/2022\/06\/30\/ateliers-massages\/\">Lire la suite<\/a><\/p>\n","protected":false},"author":3,"featured_media":0,"comment_status":"open","ping_status":"open","sticky":false,"template":"","format":"standard","meta":{"footnotes":""},"categories":[23],"tags":[],"class_list":["post-2280","post","type-post","status-publish","format-standard","hentry","category-ateliers","item-wrap"],"_links":{"self":[{"href":"https:\/\/www.h2000.be\/handicom\/index.php\/wp-json\/wp\/v2\/posts\/2280","targetHints":{"allow":["GET"]}}],"collection":[{"href":"https:\/\/www.h2000.be\/handicom\/index.php\/wp-json\/wp\/v2\/posts"}],"about":[{"href":"https:\/\/www.h2000.be\/handicom\/index.php\/wp-json\/wp\/v2\/types\/post"}],"author":[{"embeddable":true,"href":"https:\/\/www.h2000.be\/handicom\/index.php\/wp-json\/wp\/v2\/users\/3"}],"replies":[{"embeddable":true,"href":"https:\/\/www.h2000.be\/handicom\/index.php\/wp-json\/wp\/v2\/comments?post=2280"}],"version-history":[{"count":12,"href":"https:\/\/www.h2000.be\/handicom\/index.php\/wp-json\/wp\/v2\/posts\/2280\/revisions"}],"predecessor-version":[{"id":2929,"href":"https:\/\/www.h2000.be\/handicom\/index.php\/wp-json\/wp\/v2\/posts\/2280\/revisions\/2929"}],"wp:attachment":[{"href":"https:\/\/www.h2000.be\/handicom\/index.php\/wp-json\/wp\/v2\/media?parent=2280"}],"wp:term":[{"taxonomy":"category","embeddable":true,"href":"https:\/\/www.h2000.be\/handicom\/index.php\/wp-json\/wp\/v2\/categories?post=2280"},{"taxonomy":"post_tag","embeddable":true,"href":"https:\/\/www.h2000.be\/handicom\/index.php\/wp-json\/wp\/v2\/tags?post=2280"}],"curies":[{"name":"wp","href":"https:\/\/api.w.org\/{rel}","templated":true}]}}