{"id":2242,"date":"2022-06-29T09:32:31","date_gmt":"2022-06-29T08:32:31","guid":{"rendered":"https:\/\/www.h2000.be\/handicom\/?p=2242"},"modified":"2022-09-14T12:56:41","modified_gmt":"2022-09-14T11:56:41","slug":"le-projet-parlons-damour","status":"publish","type":"post","link":"https:\/\/www.h2000.be\/handicom\/index.php\/2022\/06\/29\/le-projet-parlons-damour\/","title":{"rendered":"Le projet Parlons d&rsquo;amour"},"content":{"rendered":"<div style=\"padding-bottom:20px; padding-top:10px;\" class=\"hupso-share-buttons\"><!-- Hupso Share Buttons - https:\/\/www.hupso.com\/share\/ --><a class=\"hupso_toolbar\" href=\"https:\/\/www.hupso.com\/share\/\"><img decoding=\"async\" src=\"https:\/\/static.hupso.com\/share\/buttons\/lang\/fr\/share-medium.png\" style=\"border:0px; padding-top: 5px; float:left;\" alt=\"Share Button\"\/><\/a><script type=\"text\/javascript\">var hupso_services_t=new Array(\"Twitter\",\"Facebook\",\"Google Plus\",\"Linkedin\");var hupso_background_t=\"#EAF4FF\";var hupso_border_t=\"#66CCFF\";var hupso_toolbar_size_t=\"medium\";var hupso_image_folder_url = \"\";var hupso_url_t=\"\";var hupso_title_t=\"Le%20projet%20Parlons%20d%27amour\";<\/script><script type=\"text\/javascript\" src=\"https:\/\/static.hupso.com\/share\/js\/share_toolbar.js\"><\/script><!-- Hupso Share Buttons --><\/div>\n<h3 class=\"has-text-align-center wp-block-heading\">Les 04 et 05 octobre 2022 de 09h00 \u00e0 16h30<\/h3>\n\n\n\n<p>En 2009, La Clarine lance un appel aux institutions et forme un groupe de travail qui pose les bases du PARLONS d&rsquo;AMOUR. Notre objectif : Aider la personne en situation de handicap \u00e0 cr\u00e9er des liens amicaux et affectifs, \u00e0 \u00ab forcer la main \u00bb au hasard en lui ouvrant des alternatives auxquelles son handicap l&#8217;emp\u00eache en g\u00e9n\u00e9ral d&rsquo;acc\u00e9der.<\/p>\n\n\n\n<p>Sur le plan pratique, ce comit\u00e9 est constitu\u00e9 de diff\u00e9rentes institutions qui&nbsp;se r\u00e9unissent r\u00e9guli\u00e8rement pour pr\u00e9parer et d\u00e9briefer les soir\u00e9es organis\u00e9es une fois par mois entre des personnes avec les th\u00e9matiques bas\u00e9es sur la rencontre et l&rsquo;apprentissage \u00e0 la connaissance de soi et de l&rsquo;autre. Actuellement, ces institutions sont regroup\u00e9es par r\u00e9gion et forment 4 antennes : Hainaut occidental ; Hainaut centre ; Namur et Verviers.<\/p>\n\n\n\n<p>Tout l&rsquo;enjeu de ce projet est d&rsquo;offrir l&rsquo;opportunit\u00e9 \u00e0 la Personne de construire la suite de son Histoire, en d\u00e9cidant Elle-m\u00eame !<\/p>\n\n\n\n<p>Le projet Parlons d&rsquo;Amour vous aidera \u00e0 d\u00e9finir vos souhaits de rencontres et organisera deux \u00ab\u00a0Flashs rencontres\u00a0\u00bb durant le Forum Handicom : le <strong>mardi 04 octobre de 13h45 \u00e0 14h45<\/strong> et le <strong>mercredi 05 octobre de 15h15 \u00e0 16h15<\/strong><\/p>\n\n\n\n<p>Contact :<\/p>\n\n\n\n<p>Jacques van der Vorst, pour le Comit\u00e9 du Parlons d&rsquo;Amour.<\/p>\n\n\n\n<p>t\u00e9l. : 064 57 01 38<\/p>\n\n\n\n<p>Mail : <a href=\"mailto:jacques.vandervorst@clarine.be\" target=\"_blank\" rel=\"noreferrer noopener\">jacques.vandervorst@clarine.be<\/a><\/p>\n","protected":false},"excerpt":{"rendered":"<div style=\"padding-bottom:20px; padding-top:10px;\" class=\"hupso-share-buttons\"><!-- Hupso Share Buttons - https:\/\/www.hupso.com\/share\/ --><a class=\"hupso_toolbar\" href=\"https:\/\/www.hupso.com\/share\/\"><img src=\"https:\/\/static.hupso.com\/share\/buttons\/lang\/fr\/share-medium.png\" style=\"border:0px; padding-top: 5px; float:left;\" alt=\"Share Button\"\/><\/a><script type=\"text\/javascript\">var hupso_services_t=new Array(\"Twitter\",\"Facebook\",\"Google Plus\",\"Linkedin\");var hupso_background_t=\"#EAF4FF\";var hupso_border_t=\"#66CCFF\";var hupso_toolbar_size_t=\"medium\";var hupso_image_folder_url = \"\";var hupso_url_t=\"\";var hupso_title_t=\"Le%20projet%20Parlons%20d%27amour\";<\/script><script type=\"text\/javascript\" src=\"https:\/\/static.hupso.com\/share\/js\/share_toolbar.js\"><\/script><!-- Hupso Share Buttons --><\/div><p>Les 04 et 05 octobre 2022 de 09h00 \u00e0 16h30 En 2009, La Clarine lance un appel aux institutions et forme un groupe de travail qui pose les bases du PARLONS d&rsquo;AMOUR. Notre objectif : Aider la personne en situation de handicap \u00e0 cr\u00e9er des liens amicaux et affectifs, \u00e0 \u00ab forcer la main \u00bb &hellip; <\/p>\n<p><a class=\"more-link btn\" href=\"https:\/\/www.h2000.be\/handicom\/index.php\/2022\/06\/29\/le-projet-parlons-damour\/\">Lire la suite<\/a><\/p>\n","protected":false},"author":3,"featured_media":0,"comment_status":"open","ping_status":"open","sticky":false,"template":"","format":"standard","meta":{"footnotes":""},"categories":[17],"tags":[],"class_list":["post-2242","post","type-post","status-publish","format-standard","hentry","category-parcours-et-animations","item-wrap"],"_links":{"self":[{"href":"https:\/\/www.h2000.be\/handicom\/index.php\/wp-json\/wp\/v2\/posts\/2242","targetHints":{"allow":["GET"]}}],"collection":[{"href":"https:\/\/www.h2000.be\/handicom\/index.php\/wp-json\/wp\/v2\/posts"}],"about":[{"href":"https:\/\/www.h2000.be\/handicom\/index.php\/wp-json\/wp\/v2\/types\/post"}],"author":[{"embeddable":true,"href":"https:\/\/www.h2000.be\/handicom\/index.php\/wp-json\/wp\/v2\/users\/3"}],"replies":[{"embeddable":true,"href":"https:\/\/www.h2000.be\/handicom\/index.php\/wp-json\/wp\/v2\/comments?post=2242"}],"version-history":[{"count":6,"href":"https:\/\/www.h2000.be\/handicom\/index.php\/wp-json\/wp\/v2\/posts\/2242\/revisions"}],"predecessor-version":[{"id":2734,"href":"https:\/\/www.h2000.be\/handicom\/index.php\/wp-json\/wp\/v2\/posts\/2242\/revisions\/2734"}],"wp:attachment":[{"href":"https:\/\/www.h2000.be\/handicom\/index.php\/wp-json\/wp\/v2\/media?parent=2242"}],"wp:term":[{"taxonomy":"category","embeddable":true,"href":"https:\/\/www.h2000.be\/handicom\/index.php\/wp-json\/wp\/v2\/categories?post=2242"},{"taxonomy":"post_tag","embeddable":true,"href":"https:\/\/www.h2000.be\/handicom\/index.php\/wp-json\/wp\/v2\/tags?post=2242"}],"curies":[{"name":"wp","href":"https:\/\/api.w.org\/{rel}","templated":true}]}}